{"id":4230,"date":"2024-12-03T18:55:57","date_gmt":"2024-12-03T17:55:57","guid":{"rendered":"https:\/\/ensemblealhorizon.com\/?p=4230"},"modified":"2024-12-19T18:04:37","modified_gmt":"2024-12-19T17:04:37","slug":"sortie-sur-les-cretes-du-saleve-7-decembre-2024","status":"publish","type":"post","link":"https:\/\/ensemblealhorizon.com\/index.php\/2024\/12\/03\/sortie-sur-les-cretes-du-saleve-7-decembre-2024\/","title":{"rendered":"Sortie sur les cr\u00eates du Sal\u00e8ve \u2013 7 d\u00e9cembre 2024"},"content":{"rendered":"<p><strong><span style=\"color: #ff6600\">Sortie annul\u00e9e suite aux mauvaises conditions m\u00e9t\u00e9o\u00a0<\/span><\/strong><\/p>\n<p>++++++++++++++++++++++++++++++++++++++++++++++++++++++++++++<\/p>\n<p>Bonjour \u00e0 tous<br \/>\nLes r\u00e9ponses re\u00e7ues \u00e0 ce jour <strong>nous permettent tout juste de randonner<\/strong><br \/>\n<strong>avec 2 jo\u00eblettes<\/strong>; donc si vous aviez oubli\u00e9 de me r\u00e9pondre ou h\u00e9sitiez<br \/>\nencore, j&rsquo;attends vos r\u00e9ponses avec impatience jusqu&rsquo;\u00e0 jeudi \u00e0 l&rsquo;adresse<br \/>\n<a href=\"mailto:valerie.giralde@wanadoo.fr\" target=\"_blank\" rel=\"noopener\">valerie.giralde@wanadoo.fr<\/a><br \/>\n\u00e0 tr\u00e8s bient\u00f4t<br \/>\nVal\u00e9rie<\/p>\n<p>++++++++++++++++++++++++++++++++++++++++++++++++++++++++++++<\/p>\n<p>Bonsoir \u00e0 tous<br \/>\nPas d&rsquo;AG pr\u00e9vue initialement le\u00a0<b>samedi 7 d\u00e9cembre<\/b>, mais on ne va pas se priver de se retrouver avant les f\u00eates !!&#8230;<br \/>\nEric et moi vous proposons donc une balade autour des jo\u00eblettes\u00a0 \u00a0\u00e0 la journ\u00e9e; d\u00e9part de Passy 8h30, avec ramassage sur le passage des int\u00e9ress\u00e9s si nous avons le minibus.<\/p>\n<p>Si par hasard la neige revient d\u00e9but de semaine prochaine \u00e0 1800m en quantit\u00e9 suffisante, nous pourrions basculer sur une sortie avec les bi-uniques, skis et raquettes dans la combe de Vernant : en direction du col de Vernant et de la t\u00eate des Saix selon les forces vives.<\/p>\n<p>Dites-moi tr\u00e8s vite si vous serez de la partie, pour que j&rsquo;adapte la sortie selon les pr\u00e9sents; merci de r\u00e9pondre \u00e0 l&rsquo;adresse :\u00a0<a href=\"mailto:valerie.giralde@wanadoo.fr\" target=\"_blank\" rel=\"noopener\">valerie.giralde@wanadoo.fr<\/a><\/p>\n<p>\u00e0 tr\u00e8s bient\u00f4t de vous lire&#8230;<\/p>\n<p>Val\u00e9rie<\/p>\n","protected":false},"excerpt":{"rendered":"<p>Sortie annul\u00e9e suite aux mauvaises conditions m\u00e9t\u00e9o\u00a0 ++++++++++++++++++++++++++++++++++++++++++++++++++++++++++++ Bonjour \u00e0 tous Les r\u00e9ponses re\u00e7ues \u00e0 ce jour nous permettent tout juste de randonner avec 2 jo\u00eblettes; donc si vous aviez oubli\u00e9 de me r\u00e9pondre ou h\u00e9sitiez encore, j&rsquo;attends vos r\u00e9ponses &hellip; <a href=\"https:\/\/ensemblealhorizon.com\/index.php\/2024\/12\/03\/sortie-sur-les-cretes-du-saleve-7-decembre-2024\/\">Continuer la lecture <span class=\"meta-nav\">&rarr;<\/span><\/a><\/p>\n","protected":false},"author":72,"featured_media":0,"comment_status":"open","ping_status":"open","sticky":false,"template":"","format":"standard","meta":{"_jetpack_memberships_contains_paid_content":false,"footnotes":""},"categories":[110,173],"tags":[],"class_list":["post-4230","post","type-post","status-publish","format-standard","hentry","category-fil-dactualite","category-sorties-2024"],"jetpack_featured_media_url":"","jetpack_sharing_enabled":true,"_links":{"self":[{"href":"https:\/\/ensemblealhorizon.com\/index.php\/wp-json\/wp\/v2\/posts\/4230","targetHints":{"allow":["GET"]}}],"collection":[{"href":"https:\/\/ensemblealhorizon.com\/index.php\/wp-json\/wp\/v2\/posts"}],"about":[{"href":"https:\/\/ensemblealhorizon.com\/index.php\/wp-json\/wp\/v2\/types\/post"}],"author":[{"embeddable":true,"href":"https:\/\/ensemblealhorizon.com\/index.php\/wp-json\/wp\/v2\/users\/72"}],"replies":[{"embeddable":true,"href":"https:\/\/ensemblealhorizon.com\/index.php\/wp-json\/wp\/v2\/comments?post=4230"}],"version-history":[{"count":5,"href":"https:\/\/ensemblealhorizon.com\/index.php\/wp-json\/wp\/v2\/posts\/4230\/revisions"}],"predecessor-version":[{"id":4234,"href":"https:\/\/ensemblealhorizon.com\/index.php\/wp-json\/wp\/v2\/posts\/4230\/revisions\/4234"}],"wp:attachment":[{"href":"https:\/\/ensemblealhorizon.com\/index.php\/wp-json\/wp\/v2\/media?parent=4230"}],"wp:term":[{"taxonomy":"category","embeddable":true,"href":"https:\/\/ensemblealhorizon.com\/index.php\/wp-json\/wp\/v2\/categories?post=4230"},{"taxonomy":"post_tag","embeddable":true,"href":"https:\/\/ensemblealhorizon.com\/index.php\/wp-json\/wp\/v2\/tags?post=4230"}],"curies":[{"name":"wp","href":"https:\/\/api.w.org\/{rel}","templated":true}]}}