{"id":4572,"date":"2025-08-13T13:22:34","date_gmt":"2025-08-13T11:22:34","guid":{"rendered":"https:\/\/ensemblealhorizon.com\/?p=4572"},"modified":"2025-08-13T13:22:34","modified_gmt":"2025-08-13T11:22:34","slug":"07-09-juin-week-end-dans-la-drome-entre-lavandes-et-chataigniers-line-et-alain","status":"publish","type":"post","link":"https:\/\/ensemblealhorizon.com\/index.php\/2025\/08\/13\/07-09-juin-week-end-dans-la-drome-entre-lavandes-et-chataigniers-line-et-alain\/","title":{"rendered":"07-09 Juin \u2013 Week-end dans la Dr\u00f4me entre lavandes et ch\u00e2taigniers \u2013 Line et Alain"},"content":{"rendered":"<p>Ce week-end de Pentec\u00f4te, 7-8-9 juin, ce sont 15 \u00ab Ensembliens, Ensembliennes \u00bb qui se sont retrouv\u00e9s en Dr\u00f4me Proven\u00e7ale pour un week-end sous le soleil et la bonne humeur habituelle !<br \/>\nInstall\u00e9s au camping municipal Lorette du Poet Laval, nous avons arpent\u00e9 les sentiers et chemins aux alentours.<br \/>\nUne balade de 4 kms samedi apr\u00e8s-midi au d\u00e9part du Serre de Turc, Dieulefit, avec une troupe de 28 personnes ! et une ouverture r\u00e9gionale et internationale \ud83d\ude0a<br \/>\nSandra, professeur d\u2019EPS du coin, venue avec ses 2 enfants, un coll\u00e8gue d\u2019EPS et 4 lyc\u00e9ens hyper-motiv\u00e9s !<br \/>\nLa belle famille indon\u00e9sienne d\u2019Alain, pour qui Martine Brondel a excell\u00e9 en donnant toutes les explications en anglais pour apprendre \u00e0 conduire les joelettes ! Tout cela sur un air d\u2019harmonica jou\u00e9 par Philippe !<\/p>\n<p>Une rando de 9kms dimanche au d\u00e9part de Montjoux, entre plat n\u00e9palais, mont\u00e9e en for\u00eats, piquenique et sieste dans un champ avec vue sur la vall\u00e9e, et une descente \u00ab un peu \u00bb caillouteuse \ud83d\ude0a pour arriver dans un magnifique petit bistro de village o\u00f9 les fondants au chocolat, clafoutis, bi\u00e8res et autres boissons fra\u00eeches ont raviv\u00e9 les corps meurtris !!!<br \/>\nUne soir\u00e9e \u00ab dolce farniente \u00bb avec d\u00e9tente \u00e0 la piscine du camping, o\u00f9 Claire, Patrick et Martine ont pu flotter et se pr\u00e9lasser avec bonheur ! Pour finir dans un restaurant \u00e0 Dieulefit o\u00f9 les estomacs ont \u00e9t\u00e9 bien remplis !<\/p>\n<p>Lundi, balade bucolique de 7kms, au fil des gen\u00eats, de l\u2019immortelle, et des champs de vignes, avec vue sur le Ventoux, entre Taulignan et Grignan.<\/p>\n<p>Les sp\u00e9cialit\u00e9s locales ont bien s\u00fbr \u00e9t\u00e9 go\u00fbt\u00e9es avec grand plaisir ! ravioles, olives de Nyons, Pogne, abricots, vin rouge &#8230; A consommer sans mod\u00e9ration !!!<br \/>\nUne \u00e9quipe au top ! Entre pr\u00e9pa des repas, vaisselle, logistique, transport, cartographie, aide aux PMR, bienveillance de chacun envers tous !<\/p>\n<p>ENSEMBLE&#8230;<\/p>\n<h1 class=\"style-scope ytd-watch-metadata\">Ensemble Dr\u00f4me Juin 2025 (merci Vincent)<\/h1>\n<p><iframe title=\"Ensemble Dr\u00f4me Juin 2025\" width=\"640\" height=\"360\" data-src=\"https:\/\/www.youtube.com\/embed\/QUm89fiqWEE?feature=oembed\" frameborder=\"0\" allow=\"accelerometer; autoplay; clipboard-write; encrypted-media; gyroscope; picture-in-picture; web-share\" referrerpolicy=\"strict-origin-when-cross-origin\" allowfullscreen src=\"data:image\/svg+xml;base64,PHN2ZyB3aWR0aD0iMSIgaGVpZ2h0PSIxIiB4bWxucz0iaHR0cDovL3d3dy53My5vcmcvMjAwMC9zdmciPjwvc3ZnPg==\" class=\"lazyload\" data-load-mode=\"1\"><\/iframe><\/p>\n","protected":false},"excerpt":{"rendered":"<p>Ce week-end de Pentec\u00f4te, 7-8-9 juin, ce sont 15 \u00ab Ensembliens, Ensembliennes \u00bb qui se sont retrouv\u00e9s en Dr\u00f4me Proven\u00e7ale pour un week-end sous le soleil et la bonne humeur habituelle ! Install\u00e9s au camping municipal Lorette du Poet Laval, &hellip; <a href=\"https:\/\/ensemblealhorizon.com\/index.php\/2025\/08\/13\/07-09-juin-week-end-dans-la-drome-entre-lavandes-et-chataigniers-line-et-alain\/\">Continuer la lecture <span class=\"meta-nav\">&rarr;<\/span><\/a><\/p>\n","protected":false},"author":72,"featured_media":0,"comment_status":"open","ping_status":"open","sticky":false,"template":"","format":"standard","meta":{"_jetpack_memberships_contains_paid_content":false,"footnotes":""},"categories":[110],"tags":[],"class_list":["post-4572","post","type-post","status-publish","format-standard","hentry","category-fil-dactualite"],"jetpack_featured_media_url":"","jetpack_sharing_enabled":true,"_links":{"self":[{"href":"https:\/\/ensemblealhorizon.com\/index.php\/wp-json\/wp\/v2\/posts\/4572","targetHints":{"allow":["GET"]}}],"collection":[{"href":"https:\/\/ensemblealhorizon.com\/index.php\/wp-json\/wp\/v2\/posts"}],"about":[{"href":"https:\/\/ensemblealhorizon.com\/index.php\/wp-json\/wp\/v2\/types\/post"}],"author":[{"embeddable":true,"href":"https:\/\/ensemblealhorizon.com\/index.php\/wp-json\/wp\/v2\/users\/72"}],"replies":[{"embeddable":true,"href":"https:\/\/ensemblealhorizon.com\/index.php\/wp-json\/wp\/v2\/comments?post=4572"}],"version-history":[{"count":4,"href":"https:\/\/ensemblealhorizon.com\/index.php\/wp-json\/wp\/v2\/posts\/4572\/revisions"}],"predecessor-version":[{"id":4576,"href":"https:\/\/ensemblealhorizon.com\/index.php\/wp-json\/wp\/v2\/posts\/4572\/revisions\/4576"}],"wp:attachment":[{"href":"https:\/\/ensemblealhorizon.com\/index.php\/wp-json\/wp\/v2\/media?parent=4572"}],"wp:term":[{"taxonomy":"category","embeddable":true,"href":"https:\/\/ensemblealhorizon.com\/index.php\/wp-json\/wp\/v2\/categories?post=4572"},{"taxonomy":"post_tag","embeddable":true,"href":"https:\/\/ensemblealhorizon.com\/index.php\/wp-json\/wp\/v2\/tags?post=4572"}],"curies":[{"name":"wp","href":"https:\/\/api.w.org\/{rel}","templated":true}]}}