{"id":4577,"date":"2025-08-13T13:37:09","date_gmt":"2025-08-13T11:37:09","guid":{"rendered":"https:\/\/ensemblealhorizon.com\/?p=4577"},"modified":"2025-08-13T13:57:19","modified_gmt":"2025-08-13T11:57:19","slug":"05-06-juillet-week-end-dans-le-vercors-vero-et-regis","status":"publish","type":"post","link":"https:\/\/ensemblealhorizon.com\/index.php\/2025\/08\/13\/05-06-juillet-week-end-dans-le-vercors-vero-et-regis\/","title":{"rendered":"05-06 Juillet \u2013 Week-end dans le Vercors \u2013 V\u00e9ro et R\u00e9gis"},"content":{"rendered":"<p>Quelques commentaires<\/p>\n<div dir=\"auto\"><em><span style=\"font-size: 10pt;\">Regis V\u00e9ronique:<\/span><\/em><\/div>\n<div dir=\"auto\"><em><span style=\"font-size: 10pt;\">Bon we s il en est !!<\/span><\/em><\/div>\n<div dir=\"auto\"><em><span style=\"font-size: 10pt;\">Tout \u00e0 \u00e9t\u00e9 dit, rien \u00e0 rajouter<\/span><\/em><\/div>\n<div dir=\"auto\"><em><span style=\"font-size: 10pt;\">Belle aventure \u00a0\u00bb familiale \u00a0\u00bb oui c&rsquo;est bien cela Ensemble\u00a0 !!<\/span><\/em><\/div>\n<div dir=\"auto\"><em><span style=\"font-size: 10pt;\">Bel \u00e9t\u00e9 \u00e0 tous<\/span><\/em><\/div>\n<div dir=\"auto\"><em><span style=\"font-size: 10pt;\">On vous embrasse\u00a0<\/span><\/em><\/div>\n<div dir=\"auto\"><\/div>\n<div dir=\"auto\"><em>Laurent:<\/em><\/div>\n<div dir=\"auto\"><em>Coucou, Oui grand merci, \u00e0 R\u00e9gis et Vero\u00a0 pour ce super week end dans le Vercors.<\/em><br \/>\n<em>Trop bons moments avec vous!<\/em><br \/>\n<em>Merciiii \u00e0 tous!<\/em><\/div>\n<div dir=\"auto\"><\/div>\n<div dir=\"auto\"><em>Vincent:<\/em><br \/>\n<em><span style=\"font-size: 10pt;\">Hello les Vertaco d&rsquo;un jour\u00a0 &#8230; et de toujours<\/span><\/em><\/div>\n<div dir=\"auto\"><\/div>\n<div dir=\"auto\">\n<h1 class=\"style-scope ytd-watch-metadata\">Ensemble Vercors Juillet 25 (merci Vincent)<\/h1>\n<\/div>\n<div dir=\"auto\">\n<p><iframe title=\"Ensemble Vercors Juillet 25\" width=\"640\" height=\"360\" data-src=\"https:\/\/www.youtube.com\/embed\/1Q9HSSRsRYE?feature=oembed\" frameborder=\"0\" allow=\"accelerometer; autoplay; clipboard-write; encrypted-media; gyroscope; picture-in-picture; web-share\" referrerpolicy=\"strict-origin-when-cross-origin\" allowfullscreen src=\"data:image\/svg+xml;base64,PHN2ZyB3aWR0aD0iMSIgaGVpZ2h0PSIxIiB4bWxucz0iaHR0cDovL3d3dy53My5vcmcvMjAwMC9zdmciPjwvc3ZnPg==\" class=\"lazyload\" data-load-mode=\"1\"><\/iframe><\/p>\n<\/div>\n<div><\/div>\n","protected":false},"excerpt":{"rendered":"<p>Quelques commentaires Regis V\u00e9ronique: Bon we s il en est !! Tout \u00e0 \u00e9t\u00e9 dit, rien \u00e0 rajouter Belle aventure \u00a0\u00bb familiale \u00a0\u00bb oui c&rsquo;est bien cela Ensemble\u00a0 !! Bel \u00e9t\u00e9 \u00e0 tous On vous embrasse\u00a0 Laurent: Coucou, Oui grand &hellip; <a href=\"https:\/\/ensemblealhorizon.com\/index.php\/2025\/08\/13\/05-06-juillet-week-end-dans-le-vercors-vero-et-regis\/\">Continuer la lecture <span class=\"meta-nav\">&rarr;<\/span><\/a><\/p>\n","protected":false},"author":72,"featured_media":0,"comment_status":"open","ping_status":"open","sticky":false,"template":"","format":"standard","meta":{"_jetpack_memberships_contains_paid_content":false,"footnotes":""},"categories":[110],"tags":[],"class_list":["post-4577","post","type-post","status-publish","format-standard","hentry","category-fil-dactualite"],"jetpack_featured_media_url":"","jetpack_sharing_enabled":true,"_links":{"self":[{"href":"https:\/\/ensemblealhorizon.com\/index.php\/wp-json\/wp\/v2\/posts\/4577","targetHints":{"allow":["GET"]}}],"collection":[{"href":"https:\/\/ensemblealhorizon.com\/index.php\/wp-json\/wp\/v2\/posts"}],"about":[{"href":"https:\/\/ensemblealhorizon.com\/index.php\/wp-json\/wp\/v2\/types\/post"}],"author":[{"embeddable":true,"href":"https:\/\/ensemblealhorizon.com\/index.php\/wp-json\/wp\/v2\/users\/72"}],"replies":[{"embeddable":true,"href":"https:\/\/ensemblealhorizon.com\/index.php\/wp-json\/wp\/v2\/comments?post=4577"}],"version-history":[{"count":7,"href":"https:\/\/ensemblealhorizon.com\/index.php\/wp-json\/wp\/v2\/posts\/4577\/revisions"}],"predecessor-version":[{"id":4586,"href":"https:\/\/ensemblealhorizon.com\/index.php\/wp-json\/wp\/v2\/posts\/4577\/revisions\/4586"}],"wp:attachment":[{"href":"https:\/\/ensemblealhorizon.com\/index.php\/wp-json\/wp\/v2\/media?parent=4577"}],"wp:term":[{"taxonomy":"category","embeddable":true,"href":"https:\/\/ensemblealhorizon.com\/index.php\/wp-json\/wp\/v2\/categories?post=4577"},{"taxonomy":"post_tag","embeddable":true,"href":"https:\/\/ensemblealhorizon.com\/index.php\/wp-json\/wp\/v2\/tags?post=4577"}],"curies":[{"name":"wp","href":"https:\/\/api.w.org\/{rel}","templated":true}]}}