{"id":4611,"date":"2025-08-13T14:37:47","date_gmt":"2025-08-13T12:37:47","guid":{"rendered":"https:\/\/ensemblealhorizon.com\/?p=4611"},"modified":"2025-08-13T14:37:47","modified_gmt":"2025-08-13T12:37:47","slug":"25-juillet-2025-cosmo-jazz-cecile","status":"publish","type":"post","link":"https:\/\/ensemblealhorizon.com\/index.php\/2025\/08\/13\/25-juillet-2025-cosmo-jazz-cecile\/","title":{"rendered":"25 juillet 2025 \u2013 Cosmo Jazz \u2013 C\u00e9cile"},"content":{"rendered":"<p>La journ\u00e9e du samedi 25 juillet n\u2019\u00e9tait pas partie sur une m\u00e9t\u00e9o ensoleill\u00e9e et le concert de cosmo jazz a \u00e9t\u00e9 transf\u00e9r\u00e9 au parc Coutet dans le centre de Chamonix.<br \/>\nDe ce fait, la randonn\u00e9e initialement pr\u00e9vue \u00e0 Charamillon, sur les hauteurs du tour s\u2019est transform\u00e9e en randonn\u00e9e en balcon depuis Argenti\u00e8re jusqu\u2019\u00e0 Chamonix, une randonn\u00e9e plus urbaine dirons-nous.<\/p>\n<p>Nous \u00e9tions une petite quinzaine : des habitu\u00e9s d\u2019ensemble et une ancienne qu&rsquo;on avait pas vu depuis longtemps: Pierrette,\u00a0 ainsi que deux nouvelles personnes : Patrick qui s\u2019est initi\u00e9 et bien perfectionn\u00e9 \u00e0 l\u2019arri\u00e8re de la jo\u00eblette durant tout le trajet (bravo \u00e0 lui) et Sabine, une nouvelle passag\u00e8re qui vient go\u00fbter aux joies de la randonn\u00e9e en montagne gr\u00e2ce \u00e0 la jo\u00eblette (peut \u00eatre aurons-nous la chance de la retrouver lors de prochaines sorties).<\/p>\n<p>Nous sommes pass\u00e9s entre les gouttes et pu faire la randonn\u00e9e sans presque \u00eatre mouill\u00e9s, assist\u00e9 au concert de \u00ab \u00cbda Diaz \u00bb bu un p\u2019tit canon de la bouteille de Claude, et mang\u00e9 une multitude de g\u00e2teaux fait maison (bravo les cuisini\u00e8res)<\/p>\n<p>Un grand merci \u00e0 tous pour cette journ\u00e9e, votre participation et votre bonne humeur.<br \/>\nNous vous donnons RDV fin aout pour une randonn\u00e9e sportive et sur les hauteurs cette fois-ci avec Valentin. Surveiller vos mails !<\/p>\n<p>D\u2019ici-l\u00e0 portez-vous bien et au plaisir de se retrouver \u00ab\u00a0ENSEMBLE\u00a0\u00bb<\/p>\n<p>C\u00e9cile<\/p>\n<div id=\"metaslider-id-4598\" style=\"width: 100%;\" class=\"ml-slider-3-108-0 metaslider metaslider-flex metaslider-4598 ml-slider has-dots-nav ms-theme-default-base\" role=\"region\" aria-label=\"20250725 - Cosmo Jazz\" data-height=\"300\" data-width=\"700\">\n    <div id=\"metaslider_container_4598\">\n        <div id=\"metaslider_4598\">\n            <ul aria-live='off' class='slides'>\n                <li style=\"display: block; width: 100%;\" class=\"slide-4599 ms-image \" aria-roledescription=\"slide\" data-date=\"2025-08-13 14:32:07\" data-filename=\"11-g-scaled-700x300.jpg\" data-slide-type=\"image\"><img decoding=\"async\" data-src=\"https:\/\/ensemblealhorizon.com\/wp-content\/uploads\/2025\/08\/11-g-scaled-700x300.jpg\" height=\"300\" width=\"700\" alt=\"\" class=\"slider-4598 slide-4599 msDefaultImage lazyload\" title=\"11 g\" src=\"data:image\/svg+xml;base64,PHN2ZyB3aWR0aD0iMSIgaGVpZ2h0PSIxIiB4bWxucz0iaHR0cDovL3d3dy53My5vcmcvMjAwMC9zdmciPjwvc3ZnPg==\" style=\"--smush-placeholder-width: 700px; --smush-placeholder-aspect-ratio: 700\/300;\" \/><\/li>\n                <li style=\"display: none; width: 100%;\" class=\"slide-4600 ms-image \" aria-roledescription=\"slide\" data-date=\"2025-08-13 14:32:07\" data-filename=\"10-700x300.jpeg\" data-slide-type=\"image\"><img decoding=\"async\" data-src=\"https:\/\/ensemblealhorizon.com\/wp-content\/uploads\/2025\/08\/10-700x300.jpeg\" height=\"300\" width=\"700\" alt=\"\" class=\"slider-4598 slide-4600 msDefaultImage lazyload\" title=\"10\" src=\"data:image\/svg+xml;base64,PHN2ZyB3aWR0aD0iMSIgaGVpZ2h0PSIxIiB4bWxucz0iaHR0cDovL3d3dy53My5vcmcvMjAwMC9zdmciPjwvc3ZnPg==\" style=\"--smush-placeholder-width: 700px; --smush-placeholder-aspect-ratio: 700\/300;\" \/><\/li>\n                <li style=\"display: none; width: 100%;\" class=\"slide-4601 ms-image \" aria-roledescription=\"slide\" data-date=\"2025-08-13 14:32:07\" data-filename=\"9-scaled-700x300.jpg\" data-slide-type=\"image\"><img decoding=\"async\" data-src=\"https:\/\/ensemblealhorizon.com\/wp-content\/uploads\/2025\/08\/9-scaled-700x300.jpg\" height=\"300\" width=\"700\" alt=\"\" class=\"slider-4598 slide-4601 msDefaultImage lazyload\" title=\"9\" src=\"data:image\/svg+xml;base64,PHN2ZyB3aWR0aD0iMSIgaGVpZ2h0PSIxIiB4bWxucz0iaHR0cDovL3d3dy53My5vcmcvMjAwMC9zdmciPjwvc3ZnPg==\" style=\"--smush-placeholder-width: 700px; --smush-placeholder-aspect-ratio: 700\/300;\" \/><\/li>\n                <li style=\"display: none; width: 100%;\" class=\"slide-4602 ms-image \" aria-roledescription=\"slide\" data-date=\"2025-08-13 14:32:07\" data-filename=\"8-scaled-700x300.jpg\" data-slide-type=\"image\"><img decoding=\"async\" data-src=\"https:\/\/ensemblealhorizon.com\/wp-content\/uploads\/2025\/08\/8-scaled-700x300.jpg\" height=\"300\" width=\"700\" alt=\"\" class=\"slider-4598 slide-4602 msDefaultImage lazyload\" title=\"8\" src=\"data:image\/svg+xml;base64,PHN2ZyB3aWR0aD0iMSIgaGVpZ2h0PSIxIiB4bWxucz0iaHR0cDovL3d3dy53My5vcmcvMjAwMC9zdmciPjwvc3ZnPg==\" style=\"--smush-placeholder-width: 700px; --smush-placeholder-aspect-ratio: 700\/300;\" \/><\/li>\n                <li style=\"display: none; width: 100%;\" class=\"slide-4603 ms-image \" aria-roledescription=\"slide\" data-date=\"2025-08-13 14:32:07\" data-filename=\"7-700x300.jpeg\" data-slide-type=\"image\"><img decoding=\"async\" data-src=\"https:\/\/ensemblealhorizon.com\/wp-content\/uploads\/2025\/08\/7-700x300.jpeg\" height=\"300\" width=\"700\" alt=\"\" class=\"slider-4598 slide-4603 msDefaultImage lazyload\" title=\"7\" src=\"data:image\/svg+xml;base64,PHN2ZyB3aWR0aD0iMSIgaGVpZ2h0PSIxIiB4bWxucz0iaHR0cDovL3d3dy53My5vcmcvMjAwMC9zdmciPjwvc3ZnPg==\" style=\"--smush-placeholder-width: 700px; --smush-placeholder-aspect-ratio: 700\/300;\" \/><\/li>\n                <li style=\"display: none; width: 100%;\" class=\"slide-4604 ms-image \" aria-roledescription=\"slide\" data-date=\"2025-08-13 14:32:07\" data-filename=\"6-700x300.jpeg\" data-slide-type=\"image\"><img decoding=\"async\" data-src=\"https:\/\/ensemblealhorizon.com\/wp-content\/uploads\/2025\/08\/6-700x300.jpeg\" height=\"300\" width=\"700\" alt=\"\" class=\"slider-4598 slide-4604 msDefaultImage lazyload\" title=\"6\" src=\"data:image\/svg+xml;base64,PHN2ZyB3aWR0aD0iMSIgaGVpZ2h0PSIxIiB4bWxucz0iaHR0cDovL3d3dy53My5vcmcvMjAwMC9zdmciPjwvc3ZnPg==\" style=\"--smush-placeholder-width: 700px; --smush-placeholder-aspect-ratio: 700\/300;\" \/><\/li>\n                <li style=\"display: none; width: 100%;\" class=\"slide-4605 ms-image \" aria-roledescription=\"slide\" data-date=\"2025-08-13 14:32:08\" data-filename=\"5-700x300.jpeg\" data-slide-type=\"image\"><img decoding=\"async\" data-src=\"https:\/\/ensemblealhorizon.com\/wp-content\/uploads\/2025\/08\/5-700x300.jpeg\" height=\"300\" width=\"700\" alt=\"\" class=\"slider-4598 slide-4605 msDefaultImage lazyload\" title=\"5\" src=\"data:image\/svg+xml;base64,PHN2ZyB3aWR0aD0iMSIgaGVpZ2h0PSIxIiB4bWxucz0iaHR0cDovL3d3dy53My5vcmcvMjAwMC9zdmciPjwvc3ZnPg==\" style=\"--smush-placeholder-width: 700px; --smush-placeholder-aspect-ratio: 700\/300;\" \/><\/li>\n                <li style=\"display: none; width: 100%;\" class=\"slide-4606 ms-image \" aria-roledescription=\"slide\" data-date=\"2025-08-13 14:32:08\" data-filename=\"4-700x300.jpeg\" data-slide-type=\"image\"><img decoding=\"async\" data-src=\"https:\/\/ensemblealhorizon.com\/wp-content\/uploads\/2025\/08\/4-700x300.jpeg\" height=\"300\" width=\"700\" alt=\"\" class=\"slider-4598 slide-4606 msDefaultImage lazyload\" title=\"4\" src=\"data:image\/svg+xml;base64,PHN2ZyB3aWR0aD0iMSIgaGVpZ2h0PSIxIiB4bWxucz0iaHR0cDovL3d3dy53My5vcmcvMjAwMC9zdmciPjwvc3ZnPg==\" style=\"--smush-placeholder-width: 700px; --smush-placeholder-aspect-ratio: 700\/300;\" \/><\/li>\n                <li style=\"display: none; width: 100%;\" class=\"slide-4607 ms-image \" aria-roledescription=\"slide\" data-date=\"2025-08-13 14:32:08\" data-filename=\"3-700x300.jpeg\" data-slide-type=\"image\"><img decoding=\"async\" data-src=\"https:\/\/ensemblealhorizon.com\/wp-content\/uploads\/2025\/08\/3-700x300.jpeg\" height=\"300\" width=\"700\" alt=\"\" class=\"slider-4598 slide-4607 msDefaultImage lazyload\" title=\"3\" src=\"data:image\/svg+xml;base64,PHN2ZyB3aWR0aD0iMSIgaGVpZ2h0PSIxIiB4bWxucz0iaHR0cDovL3d3dy53My5vcmcvMjAwMC9zdmciPjwvc3ZnPg==\" style=\"--smush-placeholder-width: 700px; --smush-placeholder-aspect-ratio: 700\/300;\" \/><\/li>\n                <li style=\"display: none; width: 100%;\" class=\"slide-4608 ms-image \" aria-roledescription=\"slide\" data-date=\"2025-08-13 14:32:08\" data-filename=\"2-700x300.jpeg\" data-slide-type=\"image\"><img decoding=\"async\" data-src=\"https:\/\/ensemblealhorizon.com\/wp-content\/uploads\/2025\/08\/2-700x300.jpeg\" height=\"300\" width=\"700\" alt=\"\" class=\"slider-4598 slide-4608 msDefaultImage lazyload\" title=\"2\" src=\"data:image\/svg+xml;base64,PHN2ZyB3aWR0aD0iMSIgaGVpZ2h0PSIxIiB4bWxucz0iaHR0cDovL3d3dy53My5vcmcvMjAwMC9zdmciPjwvc3ZnPg==\" style=\"--smush-placeholder-width: 700px; --smush-placeholder-aspect-ratio: 700\/300;\" \/><\/li>\n                <li style=\"display: none; width: 100%;\" class=\"slide-4609 ms-image \" aria-roledescription=\"slide\" data-date=\"2025-08-13 14:32:08\" data-filename=\"1-700x300.jpeg\" data-slide-type=\"image\"><img decoding=\"async\" data-src=\"https:\/\/ensemblealhorizon.com\/wp-content\/uploads\/2025\/08\/1-700x300.jpeg\" height=\"300\" width=\"700\" alt=\"\" class=\"slider-4598 slide-4609 msDefaultImage lazyload\" title=\"1\" src=\"data:image\/svg+xml;base64,PHN2ZyB3aWR0aD0iMSIgaGVpZ2h0PSIxIiB4bWxucz0iaHR0cDovL3d3dy53My5vcmcvMjAwMC9zdmciPjwvc3ZnPg==\" style=\"--smush-placeholder-width: 700px; --smush-placeholder-aspect-ratio: 700\/300;\" \/><\/li>\n            <\/ul>\n        <\/div>\n        \n    <\/div>\n<\/div>\n","protected":false},"excerpt":{"rendered":"<p>La journ\u00e9e du samedi 25 juillet n\u2019\u00e9tait pas partie sur une m\u00e9t\u00e9o ensoleill\u00e9e et le concert de cosmo jazz a \u00e9t\u00e9 transf\u00e9r\u00e9 au parc Coutet dans le centre de Chamonix. De ce fait, la randonn\u00e9e initialement pr\u00e9vue \u00e0 Charamillon, sur &hellip; <a href=\"https:\/\/ensemblealhorizon.com\/index.php\/2025\/08\/13\/25-juillet-2025-cosmo-jazz-cecile\/\">Continuer la lecture <span class=\"meta-nav\">&rarr;<\/span><\/a><\/p>\n","protected":false},"author":72,"featured_media":0,"comment_status":"open","ping_status":"open","sticky":false,"template":"","format":"standard","meta":{"_jetpack_memberships_contains_paid_content":false,"footnotes":""},"categories":[110],"tags":[],"class_list":["post-4611","post","type-post","status-publish","format-standard","hentry","category-fil-dactualite"],"jetpack_featured_media_url":"","jetpack_sharing_enabled":true,"_links":{"self":[{"href":"https:\/\/ensemblealhorizon.com\/index.php\/wp-json\/wp\/v2\/posts\/4611","targetHints":{"allow":["GET"]}}],"collection":[{"href":"https:\/\/ensemblealhorizon.com\/index.php\/wp-json\/wp\/v2\/posts"}],"about":[{"href":"https:\/\/ensemblealhorizon.com\/index.php\/wp-json\/wp\/v2\/types\/post"}],"author":[{"embeddable":true,"href":"https:\/\/ensemblealhorizon.com\/index.php\/wp-json\/wp\/v2\/users\/72"}],"replies":[{"embeddable":true,"href":"https:\/\/ensemblealhorizon.com\/index.php\/wp-json\/wp\/v2\/comments?post=4611"}],"version-history":[{"count":2,"href":"https:\/\/ensemblealhorizon.com\/index.php\/wp-json\/wp\/v2\/posts\/4611\/revisions"}],"predecessor-version":[{"id":4613,"href":"https:\/\/ensemblealhorizon.com\/index.php\/wp-json\/wp\/v2\/posts\/4611\/revisions\/4613"}],"wp:attachment":[{"href":"https:\/\/ensemblealhorizon.com\/index.php\/wp-json\/wp\/v2\/media?parent=4611"}],"wp:term":[{"taxonomy":"category","embeddable":true,"href":"https:\/\/ensemblealhorizon.com\/index.php\/wp-json\/wp\/v2\/categories?post=4611"},{"taxonomy":"post_tag","embeddable":true,"href":"https:\/\/ensemblealhorizon.com\/index.php\/wp-json\/wp\/v2\/tags?post=4611"}],"curies":[{"name":"wp","href":"https:\/\/api.w.org\/{rel}","templated":true}]}}