{"id":4615,"date":"2025-10-03T15:05:42","date_gmt":"2025-10-03T13:05:42","guid":{"rendered":"https:\/\/ensemblealhorizon.com\/?p=4615"},"modified":"2025-10-03T15:05:42","modified_gmt":"2025-10-03T13:05:42","slug":"07-septembre-2025-fete-du-sport-lac-de-passy-martine","status":"publish","type":"post","link":"https:\/\/ensemblealhorizon.com\/index.php\/2025\/10\/03\/07-septembre-2025-fete-du-sport-lac-de-passy-martine\/","title":{"rendered":"07 septembre 2025 \u2013 F\u00eate du sport Lac de Passy \u2013 Martine"},"content":{"rendered":"<p>\u00ab\u00a0Un soleil \u00e9clatant et une douceur estivale se sont invit\u00e9s \u00e0 la f\u00eate des sports de Passy. Inscrite \u00e0 notre planning, la f\u00eate des sports de Passy permet de regrouper un grand nombre d&rsquo;associations sportives de la commune. Notre association y \u00e9tait repr\u00e9sent\u00e9e et de nombreux contacts ont \u00e9t\u00e9 pris. De futurs passagers, <a href=\"https:\/\/allerplushaut.fr\/etablissement\/ime-sessad-le-clos-fleury\/\">l&rsquo;IME de Passy<\/a> qui souhaite nous rencontrer, le <a href=\"https:\/\/www.cafannecy.fr\/pratiquer\/randonnee-montagne\">CAF<\/a> qui souhaite intensifier notre rapprochement &#8230;<\/p>\n<p><img decoding=\"async\" class=\"alignnone size-medium wp-image-4617 lazyload\" data-src=\"https:\/\/ensemblealhorizon.com\/wp-content\/uploads\/2025\/10\/WhatsApp-Image-2025-09-08-at-10.26.15-1-300x225.jpeg\" alt=\"\" width=\"300\" height=\"225\" data-srcset=\"https:\/\/ensemblealhorizon.com\/wp-content\/uploads\/2025\/10\/WhatsApp-Image-2025-09-08-at-10.26.15-1-300x225.jpeg 300w, https:\/\/ensemblealhorizon.com\/wp-content\/uploads\/2025\/10\/WhatsApp-Image-2025-09-08-at-10.26.15-1-1024x768.jpeg 1024w, https:\/\/ensemblealhorizon.com\/wp-content\/uploads\/2025\/10\/WhatsApp-Image-2025-09-08-at-10.26.15-1-768x576.jpeg 768w, https:\/\/ensemblealhorizon.com\/wp-content\/uploads\/2025\/10\/WhatsApp-Image-2025-09-08-at-10.26.15-1-1536x1152.jpeg 1536w, https:\/\/ensemblealhorizon.com\/wp-content\/uploads\/2025\/10\/WhatsApp-Image-2025-09-08-at-10.26.15-1-1320x990.jpeg 1320w, https:\/\/ensemblealhorizon.com\/wp-content\/uploads\/2025\/10\/WhatsApp-Image-2025-09-08-at-10.26.15-1.jpeg 1600w\" data-sizes=\"(max-width: 300px) 100vw, 300px\" src=\"data:image\/svg+xml;base64,PHN2ZyB3aWR0aD0iMSIgaGVpZ2h0PSIxIiB4bWxucz0iaHR0cDovL3d3dy53My5vcmcvMjAwMC9zdmciPjwvc3ZnPg==\" style=\"--smush-placeholder-width: 300px; --smush-placeholder-aspect-ratio: 300\/225;\" \/> <img decoding=\"async\" class=\"alignnone size-medium wp-image-4618 lazyload\" data-src=\"https:\/\/ensemblealhorizon.com\/wp-content\/uploads\/2025\/10\/WhatsApp-Image-2025-09-08-at-10.26.15-300x225.jpeg\" alt=\"\" width=\"300\" height=\"225\" data-srcset=\"https:\/\/ensemblealhorizon.com\/wp-content\/uploads\/2025\/10\/WhatsApp-Image-2025-09-08-at-10.26.15-300x225.jpeg 300w, https:\/\/ensemblealhorizon.com\/wp-content\/uploads\/2025\/10\/WhatsApp-Image-2025-09-08-at-10.26.15-1024x768.jpeg 1024w, https:\/\/ensemblealhorizon.com\/wp-content\/uploads\/2025\/10\/WhatsApp-Image-2025-09-08-at-10.26.15-768x576.jpeg 768w, https:\/\/ensemblealhorizon.com\/wp-content\/uploads\/2025\/10\/WhatsApp-Image-2025-09-08-at-10.26.15-1536x1152.jpeg 1536w, https:\/\/ensemblealhorizon.com\/wp-content\/uploads\/2025\/10\/WhatsApp-Image-2025-09-08-at-10.26.15-1320x990.jpeg 1320w, https:\/\/ensemblealhorizon.com\/wp-content\/uploads\/2025\/10\/WhatsApp-Image-2025-09-08-at-10.26.15.jpeg 1600w\" data-sizes=\"(max-width: 300px) 100vw, 300px\" src=\"data:image\/svg+xml;base64,PHN2ZyB3aWR0aD0iMSIgaGVpZ2h0PSIxIiB4bWxucz0iaHR0cDovL3d3dy53My5vcmcvMjAwMC9zdmciPjwvc3ZnPg==\" style=\"--smush-placeholder-width: 300px; --smush-placeholder-aspect-ratio: 300\/225;\" \/><\/p>\n<p>Un grand <strong>MERCI<\/strong> \u00e0 Philippe, G\u00e9rard et Arnaud qui m&rsquo;ont accompagn\u00e9 tout au long de la journ\u00e9e \u00a0\u00bb<\/p>\n<p>&nbsp;<\/p>\n","protected":false},"excerpt":{"rendered":"<p>\u00ab\u00a0Un soleil \u00e9clatant et une douceur estivale se sont invit\u00e9s \u00e0 la f\u00eate des sports de Passy. Inscrite \u00e0 notre planning, la f\u00eate des sports de Passy permet de regrouper un grand nombre d&rsquo;associations sportives de la commune. Notre association &hellip; <a href=\"https:\/\/ensemblealhorizon.com\/index.php\/2025\/10\/03\/07-septembre-2025-fete-du-sport-lac-de-passy-martine\/\">Continuer la lecture <span class=\"meta-nav\">&rarr;<\/span><\/a><\/p>\n","protected":false},"author":72,"featured_media":0,"comment_status":"open","ping_status":"open","sticky":false,"template":"","format":"standard","meta":{"_jetpack_memberships_contains_paid_content":false,"footnotes":""},"categories":[110],"tags":[],"class_list":["post-4615","post","type-post","status-publish","format-standard","hentry","category-fil-dactualite"],"jetpack_featured_media_url":"","jetpack_sharing_enabled":true,"_links":{"self":[{"href":"https:\/\/ensemblealhorizon.com\/index.php\/wp-json\/wp\/v2\/posts\/4615","targetHints":{"allow":["GET"]}}],"collection":[{"href":"https:\/\/ensemblealhorizon.com\/index.php\/wp-json\/wp\/v2\/posts"}],"about":[{"href":"https:\/\/ensemblealhorizon.com\/index.php\/wp-json\/wp\/v2\/types\/post"}],"author":[{"embeddable":true,"href":"https:\/\/ensemblealhorizon.com\/index.php\/wp-json\/wp\/v2\/users\/72"}],"replies":[{"embeddable":true,"href":"https:\/\/ensemblealhorizon.com\/index.php\/wp-json\/wp\/v2\/comments?post=4615"}],"version-history":[{"count":3,"href":"https:\/\/ensemblealhorizon.com\/index.php\/wp-json\/wp\/v2\/posts\/4615\/revisions"}],"predecessor-version":[{"id":4620,"href":"https:\/\/ensemblealhorizon.com\/index.php\/wp-json\/wp\/v2\/posts\/4615\/revisions\/4620"}],"wp:attachment":[{"href":"https:\/\/ensemblealhorizon.com\/index.php\/wp-json\/wp\/v2\/media?parent=4615"}],"wp:term":[{"taxonomy":"category","embeddable":true,"href":"https:\/\/ensemblealhorizon.com\/index.php\/wp-json\/wp\/v2\/categories?post=4615"},{"taxonomy":"post_tag","embeddable":true,"href":"https:\/\/ensemblealhorizon.com\/index.php\/wp-json\/wp\/v2\/tags?post=4615"}],"curies":[{"name":"wp","href":"https:\/\/api.w.org\/{rel}","templated":true}]}}