{"id":4644,"date":"2025-10-11T12:21:02","date_gmt":"2025-10-11T10:21:02","guid":{"rendered":"https:\/\/ensemblealhorizon.com\/?p=4644"},"modified":"2025-11-28T13:49:24","modified_gmt":"2025-11-28T12:49:24","slug":"25-octobre-2025-glieres-montagne-des-auges-loutine","status":"publish","type":"post","link":"https:\/\/ensemblealhorizon.com\/index.php\/2025\/10\/11\/25-octobre-2025-glieres-montagne-des-auges-loutine\/","title":{"rendered":"25 octobre 2025 \u2013 Gli\u00e8res montagne des Auges \u2013 Loutine"},"content":{"rendered":"<div>\n<div>\n<div><span style=\"color: #339966;\"><strong><span style=\"font-size: 14pt;\">Sortie annul\u00e9e suite aux conditions m\u00e9t\u00e9o !<\/span><\/strong><\/span><\/div>\n<div><\/div>\n<div><span style=\"font-size: 12pt;\">Au programme grande boucle sur le plateau des Gli\u00e8res direction la montagne des Auges pour admirer la vue sur la chaine des Aravis et le Mont-Blanc, passage par la chapelle Notre Dame des neiges et nous finirons par un petit d\u00e9tour au pied du monument m\u00e9morial des R\u00e9sistants des Gli\u00e8res.<\/span><\/div>\n<div><span style=\"font-size: 12pt;\">En fonction de la m\u00e9t\u00e9o, de l&rsquo;\u00e9quipe, de notre niveau d&rsquo;\u00e9nergie et autres al\u00e9as, le programme est susceptible d&rsquo;\u00eatre modifi\u00e9.<\/span><\/div>\n<div><span style=\"font-size: 12pt;\"><strong>D\u00e9nivel\u00e9 positif 400m environ, distance 13 kms environ.<\/strong><\/span><\/div>\n<div><span style=\"font-size: 12pt;\">Difficult\u00e9s : la longueur de la sortie, qqs raidillons, un sol TRES humide pour pas dire mar\u00e9cageux parfois !<\/span><\/div>\n<div><\/div>\n<div><span style=\"font-size: 12pt;\">A pr\u00e9voir:<\/span><\/div>\n<div><span style=\"font-size: 12pt;\">&#8211; V\u00eatements et\u00a0 accessoires (chapeau, bonnet, gants, lunettes, foulard&#8230;) adapt\u00e9s \u00e0 la m\u00e9t\u00e9o (froid, soleil, vent, pluie?) Chaussures avec une bonne accroche.<\/span><\/div>\n<div><span style=\"font-size: 12pt;\">&#8211; pic-nic, un gobelet, et pourquoi pas une gourmandise ou sp\u00e9cialit\u00e9 \u00e0 partager, un mini tapis ou sac pour s&rsquo;asseoir au sec;<\/span><\/div>\n<div><span style=\"font-size: 12pt;\">&#8211; qqs pieces d&rsquo;1 ou 2\u20ac pour partager les frais de covoiturage<\/span><\/div>\n<div><\/div>\n<div><span style=\"font-size: 12pt;\">Lieu et heure de rdv : 8H00 \u00e0 Saint Pierre en Faucigny, tr\u00e8s certainement sur le parking de Mr Bricolage (pr\u00e9cis\u00e9 ult\u00e9rieurement) <strong>pour d\u00e9part jolette 9H00 devant la Maison du Plateau des Glieres.<\/strong><\/span><\/div>\n<div><\/div>\n<div><span style=\"font-size: 12pt;\">Inscription en r\u00e9pondant \u00e0 loutine@laposte.net avant vendredi 17 octobre.<\/span><\/div>\n<div><span style=\"font-size: 12pt;\">Merci de pr\u00e9ciser votre nom, pr\u00e9nom, adresse, t\u00e9l\u00e9phone et \u00e9galement si vous \u00eates:\u00a0 passager jo\u00eblette ou participant actif sur les jo\u00eblettes ou simple participant.<\/span><\/div>\n<div><span style=\"font-size: 12pt;\"><strong>Le nombre de passagers jo\u00eblette sera fonction du nombre d&rsquo;accompagnateurs actifs.<\/strong><\/span><\/div>\n<div><\/div>\n<div><span style=\"font-size: 12pt;\">Merci pour votre participation et vos retours par mail.<\/span><\/div>\n<div><span style=\"font-size: 12pt;\">Martine Louison<\/span><\/div>\n<div><\/div>\n<div><\/div>\n<div><\/div>\n<div><\/div>\n<div><\/div>\n<div><\/div>\n<p>&nbsp;<\/p>\n<\/div>\n<p>&nbsp;<\/p>\n<\/div>\n<p>&nbsp;<\/p>\n","protected":false},"excerpt":{"rendered":"<p>Sortie annul\u00e9e suite aux conditions m\u00e9t\u00e9o ! Au programme grande boucle sur le plateau des Gli\u00e8res direction la montagne des Auges pour admirer la vue sur la chaine des Aravis et le Mont-Blanc, passage par la chapelle Notre Dame des &hellip; <a href=\"https:\/\/ensemblealhorizon.com\/index.php\/2025\/10\/11\/25-octobre-2025-glieres-montagne-des-auges-loutine\/\">Continuer la lecture <span class=\"meta-nav\">&rarr;<\/span><\/a><\/p>\n","protected":false},"author":72,"featured_media":0,"comment_status":"open","ping_status":"open","sticky":false,"template":"","format":"standard","meta":{"_jetpack_memberships_contains_paid_content":false,"footnotes":""},"categories":[110],"tags":[],"class_list":["post-4644","post","type-post","status-publish","format-standard","hentry","category-fil-dactualite"],"jetpack_featured_media_url":"","jetpack_sharing_enabled":true,"_links":{"self":[{"href":"https:\/\/ensemblealhorizon.com\/index.php\/wp-json\/wp\/v2\/posts\/4644","targetHints":{"allow":["GET"]}}],"collection":[{"href":"https:\/\/ensemblealhorizon.com\/index.php\/wp-json\/wp\/v2\/posts"}],"about":[{"href":"https:\/\/ensemblealhorizon.com\/index.php\/wp-json\/wp\/v2\/types\/post"}],"author":[{"embeddable":true,"href":"https:\/\/ensemblealhorizon.com\/index.php\/wp-json\/wp\/v2\/users\/72"}],"replies":[{"embeddable":true,"href":"https:\/\/ensemblealhorizon.com\/index.php\/wp-json\/wp\/v2\/comments?post=4644"}],"version-history":[{"count":4,"href":"https:\/\/ensemblealhorizon.com\/index.php\/wp-json\/wp\/v2\/posts\/4644\/revisions"}],"predecessor-version":[{"id":4673,"href":"https:\/\/ensemblealhorizon.com\/index.php\/wp-json\/wp\/v2\/posts\/4644\/revisions\/4673"}],"wp:attachment":[{"href":"https:\/\/ensemblealhorizon.com\/index.php\/wp-json\/wp\/v2\/media?parent=4644"}],"wp:term":[{"taxonomy":"category","embeddable":true,"href":"https:\/\/ensemblealhorizon.com\/index.php\/wp-json\/wp\/v2\/categories?post=4644"},{"taxonomy":"post_tag","embeddable":true,"href":"https:\/\/ensemblealhorizon.com\/index.php\/wp-json\/wp\/v2\/tags?post=4644"}],"curies":[{"name":"wp","href":"https:\/\/api.w.org\/{rel}","templated":true}]}}