{"id":5170,"date":"2026-09-02T14:55:38","date_gmt":"2026-09-02T12:55:38","guid":{"rendered":"https:\/\/ensemblealhorizon.com\/?p=5170"},"modified":"2026-09-02T14:55:38","modified_gmt":"2026-09-02T12:55:38","slug":"5-et-6-septembre-2026-forum-des-associations-et-fete-du-sport-passy-martine-b","status":"publish","type":"post","link":"https:\/\/ensemblealhorizon.com\/index.php\/2026\/09\/02\/5-et-6-septembre-2026-forum-des-associations-et-fete-du-sport-passy-martine-b\/","title":{"rendered":"5 et 6 septembre 2026 &#8211; Forum des associations et F\u00eate du sport &#8211; PASSY &#8211; Martine B"},"content":{"rendered":"<p><span style=\"font-size: 14pt;\">Un we , 2 manifestations pour faire d\u00e9couvrir, notre association :<\/span><\/p>\n<p><span style=\"font-size: 14pt;\">Venez nous rejoindre !<\/span><\/p>\n<p>&nbsp;<\/p>\n<p><span style=\"font-size: 18pt; color: #ff6600;\"><strong>&#8211;&gt;Samedi 5 septembre au Forum des associations<\/strong><\/span><\/p>\n<p><span style=\"font-size: 18pt; color: #ff6600;\"><strong><span style=\"color: #ff9900;\">&#8211;&gt;Dimanche 6 septembre \u00e0 la F\u00eate du sport<\/span>\u00a0<\/strong><\/span><\/p>\n<p>&nbsp;<\/p>\n<p>Cette ann\u00e9e, la coll\u00e9giale d&rsquo;ENSEMBLE a choisi de participer aux deux journ\u00e9es organis\u00e9es par la mairie de Passy et l&rsquo;Office Municipal des Sports (OMS) afin de faire conna\u00eetre les associations de notre commune.<br \/>\nPour que cet \u00e9v\u00e9nement soit une r\u00e9ussite, nous avons besoin de votre aide.<\/p>\n<p><span style=\"text-decoration: underline; color: #000000;\"><strong><span style=\"font-size: 18pt;\">Samedi 5 septembre \u2013 Forum des associations<\/span><\/strong><\/span><br \/>\n<strong><span style=\"font-size: 18pt;\">\u00a0 \u00a0Parvis des Fiz \u00e0 Passy<\/span><\/strong><br \/>\n<strong><span style=\"font-size: 18pt;\">\u00a0 \u00a0De 10 h \u00e0 17 h<\/span><\/strong><br \/>\nNous pr\u00e9senterons notre association \u00e0 travers des photos et des vid\u00e9os de nos sorties. Nous serions tr\u00e8s heureux de pouvoir compter sur votre pr\u00e9sence pour accueillir les visiteurs et leur faire d\u00e9couvrir nos activit\u00e9s. M\u00eame une ou deux heures de votre temps seront pr\u00e9cieuses : venez au cr\u00e9neau qui vous convient le mieux.<\/p>\n<p><span style=\"text-decoration: underline; color: #000000;\"><span style=\"font-size: 18pt;\">Dimanche 6 septembre \u2013 Journ\u00e9e d\u00e9couverte au lac de Passy<\/span><\/span><b><\/b><\/p>\n<p><b><br \/>\n<\/b>Nous nous retrouverons au lac de Passy pour pr\u00e9senter la jo\u00eblette et nos activit\u00e9s. L&rsquo;objectif est de permettre aux visiteurs de d\u00e9couvrir la jo\u00eblette en l&rsquo;essayant, aussi bien comme passager que comme accompagnateur.<br \/>\nL\u00e0 encore, votre pr\u00e9sence sera essentielle pour accueillir le public, \u00e9changer avec les visiteurs et repr\u00e9senter notre association.<\/p>\n<p>Afin d&rsquo;\u00e9tablir un planning pour ces deux journ\u00e9es, merci de me faire conna\u00eetre vos disponibilit\u00e9s au plus t\u00f4t et par retour de mail \u00e0\u00a0<a href=\"mailto:martine.bpinta@gmail.com\" target=\"_blank\" rel=\"noopener noreferrer\">martine.bpinta@gmail.com<\/a>.<\/p>\n","protected":false},"excerpt":{"rendered":"<p>Un we , 2 manifestations pour faire d\u00e9couvrir, notre association : Venez nous rejoindre ! &nbsp; &#8211;&gt;Samedi 5 septembre au Forum des associations &#8211;&gt;Dimanche 6 septembre \u00e0 la F\u00eate du sport\u00a0 &nbsp; Cette ann\u00e9e, la coll\u00e9giale d&rsquo;ENSEMBLE a choisi de &hellip; <a href=\"https:\/\/ensemblealhorizon.com\/index.php\/2026\/09\/02\/5-et-6-septembre-2026-forum-des-associations-et-fete-du-sport-passy-martine-b\/\">Continuer la lecture <span class=\"meta-nav\">&rarr;<\/span><\/a><\/p>\n","protected":false},"author":274,"featured_media":0,"comment_status":"open","ping_status":"open","sticky":false,"template":"","format":"standard","meta":{"_jetpack_newsletter_access":"","_jetpack_dont_email_post_to_subs":false,"_jetpack_newsletter_tier_id":0,"_jetpack_memberships_contains_paywalled_content":false,"_jetpack_memberships_contains_paid_content":false,"footnotes":""},"categories":[110],"tags":[],"class_list":["post-5170","post","type-post","status-publish","format-standard","hentry","category-fil-dactualite"],"jetpack_sharing_enabled":true,"jetpack_featured_media_url":"","_links":{"self":[{"href":"https:\/\/ensemblealhorizon.com\/index.php\/wp-json\/wp\/v2\/posts\/5170","targetHints":{"allow":["GET"]}}],"collection":[{"href":"https:\/\/ensemblealhorizon.com\/index.php\/wp-json\/wp\/v2\/posts"}],"about":[{"href":"https:\/\/ensemblealhorizon.com\/index.php\/wp-json\/wp\/v2\/types\/post"}],"author":[{"embeddable":true,"href":"https:\/\/ensemblealhorizon.com\/index.php\/wp-json\/wp\/v2\/users\/274"}],"replies":[{"embeddable":true,"href":"https:\/\/ensemblealhorizon.com\/index.php\/wp-json\/wp\/v2\/comments?post=5170"}],"version-history":[{"count":2,"href":"https:\/\/ensemblealhorizon.com\/index.php\/wp-json\/wp\/v2\/posts\/5170\/revisions"}],"predecessor-version":[{"id":5172,"href":"https:\/\/ensemblealhorizon.com\/index.php\/wp-json\/wp\/v2\/posts\/5170\/revisions\/5172"}],"wp:attachment":[{"href":"https:\/\/ensemblealhorizon.com\/index.php\/wp-json\/wp\/v2\/media?parent=5170"}],"wp:term":[{"taxonomy":"category","embeddable":true,"href":"https:\/\/ensemblealhorizon.com\/index.php\/wp-json\/wp\/v2\/categories?post=5170"},{"taxonomy":"post_tag","embeddable":true,"href":"https:\/\/ensemblealhorizon.com\/index.php\/wp-json\/wp\/v2\/tags?post=5170"}],"curies":[{"name":"wp","href":"https:\/\/api.w.org\/{rel}","templated":true}]}}