{"id":532,"date":"2021-02-25T04:21:34","date_gmt":"2021-02-25T03:21:34","guid":{"rendered":"http:\/\/ensemblealhorizon.com\/?p=532"},"modified":"2021-04-17T16:29:20","modified_gmt":"2021-04-17T14:29:20","slug":"7-fevrier-valerie","status":"publish","type":"post","link":"https:\/\/ensemblealhorizon.com\/index.php\/2021\/02\/25\/7-fevrier-valerie\/","title":{"rendered":"7 Mars Val\u00e9rie"},"content":{"rendered":"<p><img decoding=\"async\" class=\"alignnone wp-image-530 lazyload\" data-src=\"https:\/\/ensemblealhorizon.com\/wp-content\/uploads\/2021\/02\/DSCN4075-300x129.jpg\" alt=\"\" width=\"211\" height=\"91\" src=\"data:image\/svg+xml;base64,PHN2ZyB3aWR0aD0iMSIgaGVpZ2h0PSIxIiB4bWxucz0iaHR0cDovL3d3dy53My5vcmcvMjAwMC9zdmciPjwvc3ZnPg==\" style=\"--smush-placeholder-width: 211px; --smush-placeholder-aspect-ratio: 211\/91;\" \/>\u00a0 <img decoding=\"async\" class=\"alignnone wp-image-565 lazyload\" data-src=\"https:\/\/ensemblealhorizon.com\/wp-content\/uploads\/2021\/02\/DSCN4073-300x204.jpg\" alt=\"\" width=\"175\" height=\"119\" data-srcset=\"https:\/\/ensemblealhorizon.com\/wp-content\/uploads\/2021\/02\/DSCN4073-300x204.jpg 300w, https:\/\/ensemblealhorizon.com\/wp-content\/uploads\/2021\/02\/DSCN4073-1024x696.jpg 1024w, https:\/\/ensemblealhorizon.com\/wp-content\/uploads\/2021\/02\/DSCN4073-768x522.jpg 768w, https:\/\/ensemblealhorizon.com\/wp-content\/uploads\/2021\/02\/DSCN4073-1320x898.jpg 1320w, https:\/\/ensemblealhorizon.com\/wp-content\/uploads\/2021\/02\/DSCN4073.jpg 1425w\" data-sizes=\"(max-width: 175px) 100vw, 175px\" src=\"data:image\/svg+xml;base64,PHN2ZyB3aWR0aD0iMSIgaGVpZ2h0PSIxIiB4bWxucz0iaHR0cDovL3d3dy53My5vcmcvMjAwMC9zdmciPjwvc3ZnPg==\" style=\"--smush-placeholder-width: 175px; --smush-placeholder-aspect-ratio: 175\/119;\" \/>\u00a0 <img decoding=\"async\" class=\"alignnone wp-image-564 lazyload\" data-src=\"https:\/\/ensemblealhorizon.com\/wp-content\/uploads\/2021\/02\/DSCN4072-300x225.jpg\" alt=\"\" width=\"161\" height=\"121\" data-srcset=\"https:\/\/ensemblealhorizon.com\/wp-content\/uploads\/2021\/02\/DSCN4072-300x225.jpg 300w, https:\/\/ensemblealhorizon.com\/wp-content\/uploads\/2021\/02\/DSCN4072-1024x768.jpg 1024w, https:\/\/ensemblealhorizon.com\/wp-content\/uploads\/2021\/02\/DSCN4072-768x576.jpg 768w, https:\/\/ensemblealhorizon.com\/wp-content\/uploads\/2021\/02\/DSCN4072-1536x1152.jpg 1536w, https:\/\/ensemblealhorizon.com\/wp-content\/uploads\/2021\/02\/DSCN4072-1320x990.jpg 1320w, https:\/\/ensemblealhorizon.com\/wp-content\/uploads\/2021\/02\/DSCN4072.jpg 2048w\" data-sizes=\"(max-width: 161px) 100vw, 161px\" src=\"data:image\/svg+xml;base64,PHN2ZyB3aWR0aD0iMSIgaGVpZ2h0PSIxIiB4bWxucz0iaHR0cDovL3d3dy53My5vcmcvMjAwMC9zdmciPjwvc3ZnPg==\" style=\"--smush-placeholder-width: 161px; --smush-placeholder-aspect-ratio: 161\/121;\" \/><\/p>\n<div>Bonjour \u00e0 tous.<\/div>\n<div>Avant qu&rsquo;il n&rsquo;y ait plus du tout de neige, je vous propose une derni\u00e8re sortie avec les fauteuils-skis pour skieurs et raquettistes, du c\u00f4t\u00e9 du Chablais.<\/div>\n<div>En fonction des conditions d&rsquo;enneigement, ce sera<\/div>\n<div>&#8211; soit le Mont Ch\u00e9ry depuis les places (sous le mont Caly) : une belle cr\u00eate plut\u00f4t douce entre 1400 m et 1830m nous conduira sur ce joli sommet panoramique entre Les Gets et le Roc d&rsquo;enfer. (photos jointes)<\/div>\n<div>&#8211; soit la t\u00eate des Saix depuis Samoens 1600, sur la ligne de cr\u00eate qui s\u00e9pare l&rsquo;Arve du Giffre; c&rsquo;est moins \u00ab\u00a0Chablais\u00a0\u00bb, mais itin\u00e9raire face Nord et d\u00e9part en altitude; c&rsquo;est un plan B o\u00f9 nous sommes s\u00fbrs d&rsquo;avoir encore la neige, car au vu des temp\u00e9ratures annonc\u00e9es pour les 10 jours qui viennent, un peu inqui\u00e8te pour l&rsquo;ar\u00eate Sud&#8230;<\/div>\n<div><\/div>\n<div>D\u00e9part de Sallanches \u00e0 8h. Pour ceux qui arrivent de la basse vall\u00e9e ou qui arrivent directement, RdV \u00e0 9h sur place; regroupement possible \u00e0 Cluses.<\/div>\n<div><\/div>\n<div>Dites-moi rapidement si vous participerez, en fauteuil, en tractant ou pilotant ou simplement pour nous monter la boisson et pr\u00e9parations qui r\u00e9confortent !\u00a0<img decoding=\"async\" class=\"CToWUd\" src=\"https:\/\/mail.google.com\/mail\/e\/1f609\" alt=\"\ud83d\ude09\" data-goomoji=\"1f609\" data-image-whitelisted=\"\" \/><\/div>\n<div>Pr\u00e9cisez-moi comment vous arriverez \u00e9galement.<\/div>\n<div>\u00e0 tr\u00e8s bient\u00f4t<\/div>\n<div>Val\u00e9rie<\/div>\n<div><\/div>\n<div><a href=\"https:\/\/ensemblealhorizon.com\/wp-content\/uploads\/2021\/03\/carte-lieu-de-RdV-_-parking-dhiver-du-Mont-Caly.pdf\" target=\"_blank\" rel=\"noopener\">carte lieu de RdV _ parking d&rsquo;hiver du Mont Caly<\/a><\/div>\n<div><\/div>\n<div><a href=\"https:\/\/youtu.be\/NgBbNG8IRtg\" target=\"_blank\" rel=\"noopener\">Diaporama Journ\u00e9e du 7 !!!<\/a><\/div>\n<div><\/div>\n<div><\/div>\n<div><\/div>\n","protected":false},"excerpt":{"rendered":"<p>\u00a0 \u00a0 Bonjour \u00e0 tous. Avant qu&rsquo;il n&rsquo;y ait plus du tout de neige, je vous propose une derni\u00e8re sortie avec les fauteuils-skis pour skieurs et raquettistes, du c\u00f4t\u00e9 du Chablais. En fonction des conditions d&rsquo;enneigement, ce sera &#8211; soit &hellip; <a href=\"https:\/\/ensemblealhorizon.com\/index.php\/2021\/02\/25\/7-fevrier-valerie\/\">Continuer la lecture <span class=\"meta-nav\">&rarr;<\/span><\/a><\/p>\n","protected":false},"author":1,"featured_media":562,"comment_status":"open","ping_status":"open","sticky":false,"template":"","format":"standard","meta":{"_jetpack_memberships_contains_paid_content":false,"footnotes":""},"categories":[110],"tags":[],"class_list":["post-532","post","type-post","status-publish","format-standard","has-post-thumbnail","hentry","category-fil-dactualite"],"jetpack_featured_media_url":"https:\/\/ensemblealhorizon.com\/wp-content\/uploads\/2021\/02\/DSCN4079.jpg","jetpack_sharing_enabled":true,"_links":{"self":[{"href":"https:\/\/ensemblealhorizon.com\/index.php\/wp-json\/wp\/v2\/posts\/532","targetHints":{"allow":["GET"]}}],"collection":[{"href":"https:\/\/ensemblealhorizon.com\/index.php\/wp-json\/wp\/v2\/posts"}],"about":[{"href":"https:\/\/ensemblealhorizon.com\/index.php\/wp-json\/wp\/v2\/types\/post"}],"author":[{"embeddable":true,"href":"https:\/\/ensemblealhorizon.com\/index.php\/wp-json\/wp\/v2\/users\/1"}],"replies":[{"embeddable":true,"href":"https:\/\/ensemblealhorizon.com\/index.php\/wp-json\/wp\/v2\/comments?post=532"}],"version-history":[{"count":20,"href":"https:\/\/ensemblealhorizon.com\/index.php\/wp-json\/wp\/v2\/posts\/532\/revisions"}],"predecessor-version":[{"id":955,"href":"https:\/\/ensemblealhorizon.com\/index.php\/wp-json\/wp\/v2\/posts\/532\/revisions\/955"}],"wp:featuredmedia":[{"embeddable":true,"href":"https:\/\/ensemblealhorizon.com\/index.php\/wp-json\/wp\/v2\/media\/562"}],"wp:attachment":[{"href":"https:\/\/ensemblealhorizon.com\/index.php\/wp-json\/wp\/v2\/media?parent=532"}],"wp:term":[{"taxonomy":"category","embeddable":true,"href":"https:\/\/ensemblealhorizon.com\/index.php\/wp-json\/wp\/v2\/categories?post=532"},{"taxonomy":"post_tag","embeddable":true,"href":"https:\/\/ensemblealhorizon.com\/index.php\/wp-json\/wp\/v2\/tags?post=532"}],"curies":[{"name":"wp","href":"https:\/\/api.w.org\/{rel}","templated":true}]}}